{"id":2975,"date":"2021-01-06T22:25:51","date_gmt":"2021-01-06T21:25:51","guid":{"rendered":"https:\/\/frenchpleinairpainters.com\/?p=2975"},"modified":"2021-03-12T00:23:58","modified_gmt":"2021-03-11T23:23:58","slug":"exposition-demeure-dartiste","status":"publish","type":"post","link":"https:\/\/frenchpleinairpainters.com\/index.php\/2021\/01\/06\/exposition-demeure-dartiste\/","title":{"rendered":"Exposition \u00ab\u00a0Demeure d&rsquo;Artiste\u00a0\u00bb"},"content":{"rendered":"L\u2019Office de Tourisme de Bougival organise pour la 9\u00e8me fois une exposition de peintures en partenariat avec l\u2019Association \u00ab Impressions \u00e0 Bougival \u00bb pr\u00e9sid\u00e9e par Pascal B\u00e9quet et l\u2019Atelier de <a href=\"https:\/\/frenchpleinairpainters.com\/index.php\/2021\/01\/06\/exposition-demeure-dartiste\/\" class=\"more-link\">(suite\u2026)<\/a>","protected":false},"excerpt":{"rendered":"<p>L\u2019Office de Tourisme de Bougival organise pour la 9\u00e8me fois une exposition de peintures en partenariat avec l\u2019Association \u00ab Impressions \u00e0 Bougival \u00bb pr\u00e9sid\u00e9e par Pascal B\u00e9quet et l\u2019Atelier de (suite\u2026)<\/p>\n","protected":false},"author":7,"featured_media":1531,"comment_status":"closed","ping_status":"closed","sticky":false,"template":"","format":"standard","meta":{"footnotes":""},"categories":[19],"tags":[587,961,1098,654,616],"class_list":["post-2975","post","type-post","status-publish","format-standard","has-post-thumbnail","hentry","category-evenements","tag-bougival","tag-demeures-historiques","tag-exposition-a-bougival","tag-exposition-de-peinture","tag-expositions"],"yoast_head":"<!-- This site is optimized with the Yoast SEO plugin v27.4 - https:\/\/yoast.com\/product\/yoast-seo-wordpress\/ -->\n<title>Exposition &quot;Demeure d&#039;Artiste&quot; - French Plein Air Painters \u00a9<\/title>\n<meta name=\"robots\" content=\"index, follow, max-snippet:-1, max-image-preview:large, max-video-preview:-1\" \/>\n<link rel=\"canonical\" href=\"https:\/\/frenchpleinairpainters.com\/index.php\/2021\/01\/06\/exposition-demeure-dartiste\/\" \/>\n<meta property=\"og:locale\" content=\"fr_FR\" \/>\n<meta property=\"og:type\" content=\"article\" \/>\n<meta property=\"og:title\" content=\"Exposition &quot;Demeure d&#039;Artiste&quot; - French Plein Air Painters \u00a9\" \/>\n<meta property=\"og:description\" content=\"L\u2019Office de Tourisme de Bougival organise pour la 9\u00e8me fois une exposition de peintures en partenariat avec l\u2019Association \u00ab Impressions \u00e0 Bougival \u00bb pr\u00e9sid\u00e9e par Pascal B\u00e9quet et l\u2019Atelier de (suite\u2026)\" \/>\n<meta property=\"og:url\" content=\"https:\/\/frenchpleinairpainters.com\/index.php\/2021\/01\/06\/exposition-demeure-dartiste\/\" \/>\n<meta property=\"og:site_name\" content=\"French Plein Air Painters \u00a9\" \/>\n<meta property=\"article:published_time\" content=\"2021-01-06T21:25:51+00:00\" \/>\n<meta property=\"article:modified_time\" content=\"2021-03-11T23:23:58+00:00\" \/>\n<meta property=\"og:image\" content=\"https:\/\/frenchpleinairpainters.com\/wp-content\/uploads\/2020\/06\/BL_78380-Bougival-image1-L320p.jpg\" \/>\n\t<meta property=\"og:image:width\" content=\"320\" \/>\n\t<meta property=\"og:image:height\" content=\"240\" \/>\n\t<meta property=\"og:image:type\" content=\"image\/jpeg\" \/>\n<meta name=\"author\" content=\"Anna Filimonova\" \/>\n<meta name=\"twitter:card\" content=\"summary_large_image\" \/>\n<meta name=\"twitter:label1\" content=\"\u00c9crit par\" \/>\n\t<meta name=\"twitter:data1\" content=\"Anna Filimonova\" \/>\n\t<meta name=\"twitter:label2\" content=\"Dur\u00e9e de lecture estim\u00e9e\" \/>\n\t<meta name=\"twitter:data2\" content=\"2 minutes\" \/>\n<script type=\"application\/ld+json\" class=\"yoast-schema-graph\">{\"@context\":\"https:\\\/\\\/schema.org\",\"@graph\":[{\"@type\":\"Article\",\"@id\":\"https:\\\/\\\/frenchpleinairpainters.com\\\/index.php\\\/2021\\\/01\\\/06\\\/exposition-demeure-dartiste\\\/#article\",\"isPartOf\":{\"@id\":\"https:\\\/\\\/frenchpleinairpainters.com\\\/index.php\\\/2021\\\/01\\\/06\\\/exposition-demeure-dartiste\\\/\"},\"author\":{\"name\":\"Anna Filimonova\",\"@id\":\"https:\\\/\\\/frenchpleinairpainters.com\\\/#\\\/schema\\\/person\\\/5c3e2f02bd3928b08ef984cf5095e318\"},\"headline\":\"Exposition \u00ab\u00a0Demeure d&rsquo;Artiste\u00a0\u00bb\",\"datePublished\":\"2021-01-06T21:25:51+00:00\",\"dateModified\":\"2021-03-11T23:23:58+00:00\",\"mainEntityOfPage\":{\"@id\":\"https:\\\/\\\/frenchpleinairpainters.com\\\/index.php\\\/2021\\\/01\\\/06\\\/exposition-demeure-dartiste\\\/\"},\"wordCount\":218,\"publisher\":{\"@id\":\"https:\\\/\\\/frenchpleinairpainters.com\\\/#organization\"},\"image\":{\"@id\":\"https:\\\/\\\/frenchpleinairpainters.com\\\/index.php\\\/2021\\\/01\\\/06\\\/exposition-demeure-dartiste\\\/#primaryimage\"},\"thumbnailUrl\":\"https:\\\/\\\/frenchpleinairpainters.com\\\/wp-content\\\/uploads\\\/2020\\\/06\\\/BL_78380-Bougival-image1-L320p.jpg\",\"keywords\":[\"bougival\",\"demeures historiques\",\"exposition a Bougival\",\"exposition de peinture\",\"expositions\"],\"articleSection\":[\"Ev\u00e9nements\"],\"inLanguage\":\"fr-FR\"},{\"@type\":\"WebPage\",\"@id\":\"https:\\\/\\\/frenchpleinairpainters.com\\\/index.php\\\/2021\\\/01\\\/06\\\/exposition-demeure-dartiste\\\/\",\"url\":\"https:\\\/\\\/frenchpleinairpainters.com\\\/index.php\\\/2021\\\/01\\\/06\\\/exposition-demeure-dartiste\\\/\",\"name\":\"Exposition \\\"Demeure d'Artiste\\\" - French Plein Air Painters \u00a9\",\"isPartOf\":{\"@id\":\"https:\\\/\\\/frenchpleinairpainters.com\\\/#website\"},\"primaryImageOfPage\":{\"@id\":\"https:\\\/\\\/frenchpleinairpainters.com\\\/index.php\\\/2021\\\/01\\\/06\\\/exposition-demeure-dartiste\\\/#primaryimage\"},\"image\":{\"@id\":\"https:\\\/\\\/frenchpleinairpainters.com\\\/index.php\\\/2021\\\/01\\\/06\\\/exposition-demeure-dartiste\\\/#primaryimage\"},\"thumbnailUrl\":\"https:\\\/\\\/frenchpleinairpainters.com\\\/wp-content\\\/uploads\\\/2020\\\/06\\\/BL_78380-Bougival-image1-L320p.jpg\",\"datePublished\":\"2021-01-06T21:25:51+00:00\",\"dateModified\":\"2021-03-11T23:23:58+00:00\",\"breadcrumb\":{\"@id\":\"https:\\\/\\\/frenchpleinairpainters.com\\\/index.php\\\/2021\\\/01\\\/06\\\/exposition-demeure-dartiste\\\/#breadcrumb\"},\"inLanguage\":\"fr-FR\",\"potentialAction\":[{\"@type\":\"ReadAction\",\"target\":[\"https:\\\/\\\/frenchpleinairpainters.com\\\/index.php\\\/2021\\\/01\\\/06\\\/exposition-demeure-dartiste\\\/\"]}]},{\"@type\":\"ImageObject\",\"inLanguage\":\"fr-FR\",\"@id\":\"https:\\\/\\\/frenchpleinairpainters.com\\\/index.php\\\/2021\\\/01\\\/06\\\/exposition-demeure-dartiste\\\/#primaryimage\",\"url\":\"https:\\\/\\\/frenchpleinairpainters.com\\\/wp-content\\\/uploads\\\/2020\\\/06\\\/BL_78380-Bougival-image1-L320p.jpg\",\"contentUrl\":\"https:\\\/\\\/frenchpleinairpainters.com\\\/wp-content\\\/uploads\\\/2020\\\/06\\\/BL_78380-Bougival-image1-L320p.jpg\",\"width\":320,\"height\":240},{\"@type\":\"BreadcrumbList\",\"@id\":\"https:\\\/\\\/frenchpleinairpainters.com\\\/index.php\\\/2021\\\/01\\\/06\\\/exposition-demeure-dartiste\\\/#breadcrumb\",\"itemListElement\":[{\"@type\":\"ListItem\",\"position\":1,\"name\":\"Accueil\",\"item\":\"https:\\\/\\\/frenchpleinairpainters.com\\\/index.php\\\/en\\\/\"},{\"@type\":\"ListItem\",\"position\":2,\"name\":\"Exposition \u00ab\u00a0Demeure d&rsquo;Artiste\u00a0\u00bb\"}]},{\"@type\":\"WebSite\",\"@id\":\"https:\\\/\\\/frenchpleinairpainters.com\\\/#website\",\"url\":\"https:\\\/\\\/frenchpleinairpainters.com\\\/\",\"name\":\"French Plein Air Painters \u00a9\",\"description\":\"En France nombreux artistes peignent en plein air d\u2019apr\u00e8s la tradition artistique qui remonte m\u00eame au del\u00e0 des Impressionnistes.\",\"publisher\":{\"@id\":\"https:\\\/\\\/frenchpleinairpainters.com\\\/#organization\"},\"potentialAction\":[{\"@type\":\"SearchAction\",\"target\":{\"@type\":\"EntryPoint\",\"urlTemplate\":\"https:\\\/\\\/frenchpleinairpainters.com\\\/?s={search_term_string}\"},\"query-input\":{\"@type\":\"PropertyValueSpecification\",\"valueRequired\":true,\"valueName\":\"search_term_string\"}}],\"inLanguage\":\"fr-FR\"},{\"@type\":\"Organization\",\"@id\":\"https:\\\/\\\/frenchpleinairpainters.com\\\/#organization\",\"name\":\"Association Festival Cultures Crois\u00e9es \u2013 AFCC\",\"url\":\"https:\\\/\\\/frenchpleinairpainters.com\\\/\",\"logo\":{\"@type\":\"ImageObject\",\"inLanguage\":\"fr-FR\",\"@id\":\"https:\\\/\\\/frenchpleinairpainters.com\\\/#\\\/schema\\\/logo\\\/image\\\/\",\"url\":\"https:\\\/\\\/frenchpleinairpainters.com\\\/wp-content\\\/uploads\\\/2019\\\/10\\\/AFCC_logo2008_BLANCJPG.jpg\",\"contentUrl\":\"https:\\\/\\\/frenchpleinairpainters.com\\\/wp-content\\\/uploads\\\/2019\\\/10\\\/AFCC_logo2008_BLANCJPG.jpg\",\"width\":654,\"height\":741,\"caption\":\"Association Festival Cultures Crois\u00e9es \u2013 AFCC\"},\"image\":{\"@id\":\"https:\\\/\\\/frenchpleinairpainters.com\\\/#\\\/schema\\\/logo\\\/image\\\/\"}},{\"@type\":\"Person\",\"@id\":\"https:\\\/\\\/frenchpleinairpainters.com\\\/#\\\/schema\\\/person\\\/5c3e2f02bd3928b08ef984cf5095e318\",\"name\":\"Anna Filimonova\",\"image\":{\"@type\":\"ImageObject\",\"inLanguage\":\"fr-FR\",\"@id\":\"https:\\\/\\\/secure.gravatar.com\\\/avatar\\\/3ba0952fbf94ad8cb32ad074892c73b72fa6853d5a58b67a016ebf869421d34a?s=96&d=mm&r=g\",\"url\":\"https:\\\/\\\/secure.gravatar.com\\\/avatar\\\/3ba0952fbf94ad8cb32ad074892c73b72fa6853d5a58b67a016ebf869421d34a?s=96&d=mm&r=g\",\"contentUrl\":\"https:\\\/\\\/secure.gravatar.com\\\/avatar\\\/3ba0952fbf94ad8cb32ad074892c73b72fa6853d5a58b67a016ebf869421d34a?s=96&d=mm&r=g\",\"caption\":\"Anna Filimonova\"},\"url\":\"https:\\\/\\\/frenchpleinairpainters.com\\\/index.php\\\/author\\\/anna\\\/\"}]}<\/script>\n<!-- \/ Yoast SEO plugin. -->","yoast_head_json":{"title":"Exposition \"Demeure d'Artiste\" - French Plein Air Painters \u00a9","robots":{"index":"index","follow":"follow","max-snippet":"max-snippet:-1","max-image-preview":"max-image-preview:large","max-video-preview":"max-video-preview:-1"},"canonical":"https:\/\/frenchpleinairpainters.com\/index.php\/2021\/01\/06\/exposition-demeure-dartiste\/","og_locale":"fr_FR","og_type":"article","og_title":"Exposition \"Demeure d'Artiste\" - French Plein Air Painters \u00a9","og_description":"L\u2019Office de Tourisme de Bougival organise pour la 9\u00e8me fois une exposition de peintures en partenariat avec l\u2019Association \u00ab Impressions \u00e0 Bougival \u00bb pr\u00e9sid\u00e9e par Pascal B\u00e9quet et l\u2019Atelier de (suite\u2026)","og_url":"https:\/\/frenchpleinairpainters.com\/index.php\/2021\/01\/06\/exposition-demeure-dartiste\/","og_site_name":"French Plein Air Painters \u00a9","article_published_time":"2021-01-06T21:25:51+00:00","article_modified_time":"2021-03-11T23:23:58+00:00","og_image":[{"width":320,"height":240,"url":"https:\/\/frenchpleinairpainters.com\/wp-content\/uploads\/2020\/06\/BL_78380-Bougival-image1-L320p.jpg","type":"image\/jpeg"}],"author":"Anna Filimonova","twitter_card":"summary_large_image","twitter_misc":{"\u00c9crit par":"Anna Filimonova","Dur\u00e9e de lecture estim\u00e9e":"2 minutes"},"schema":{"@context":"https:\/\/schema.org","@graph":[{"@type":"Article","@id":"https:\/\/frenchpleinairpainters.com\/index.php\/2021\/01\/06\/exposition-demeure-dartiste\/#article","isPartOf":{"@id":"https:\/\/frenchpleinairpainters.com\/index.php\/2021\/01\/06\/exposition-demeure-dartiste\/"},"author":{"name":"Anna Filimonova","@id":"https:\/\/frenchpleinairpainters.com\/#\/schema\/person\/5c3e2f02bd3928b08ef984cf5095e318"},"headline":"Exposition \u00ab\u00a0Demeure d&rsquo;Artiste\u00a0\u00bb","datePublished":"2021-01-06T21:25:51+00:00","dateModified":"2021-03-11T23:23:58+00:00","mainEntityOfPage":{"@id":"https:\/\/frenchpleinairpainters.com\/index.php\/2021\/01\/06\/exposition-demeure-dartiste\/"},"wordCount":218,"publisher":{"@id":"https:\/\/frenchpleinairpainters.com\/#organization"},"image":{"@id":"https:\/\/frenchpleinairpainters.com\/index.php\/2021\/01\/06\/exposition-demeure-dartiste\/#primaryimage"},"thumbnailUrl":"https:\/\/frenchpleinairpainters.com\/wp-content\/uploads\/2020\/06\/BL_78380-Bougival-image1-L320p.jpg","keywords":["bougival","demeures historiques","exposition a Bougival","exposition de peinture","expositions"],"articleSection":["Ev\u00e9nements"],"inLanguage":"fr-FR"},{"@type":"WebPage","@id":"https:\/\/frenchpleinairpainters.com\/index.php\/2021\/01\/06\/exposition-demeure-dartiste\/","url":"https:\/\/frenchpleinairpainters.com\/index.php\/2021\/01\/06\/exposition-demeure-dartiste\/","name":"Exposition \"Demeure d'Artiste\" - French Plein Air Painters \u00a9","isPartOf":{"@id":"https:\/\/frenchpleinairpainters.com\/#website"},"primaryImageOfPage":{"@id":"https:\/\/frenchpleinairpainters.com\/index.php\/2021\/01\/06\/exposition-demeure-dartiste\/#primaryimage"},"image":{"@id":"https:\/\/frenchpleinairpainters.com\/index.php\/2021\/01\/06\/exposition-demeure-dartiste\/#primaryimage"},"thumbnailUrl":"https:\/\/frenchpleinairpainters.com\/wp-content\/uploads\/2020\/06\/BL_78380-Bougival-image1-L320p.jpg","datePublished":"2021-01-06T21:25:51+00:00","dateModified":"2021-03-11T23:23:58+00:00","breadcrumb":{"@id":"https:\/\/frenchpleinairpainters.com\/index.php\/2021\/01\/06\/exposition-demeure-dartiste\/#breadcrumb"},"inLanguage":"fr-FR","potentialAction":[{"@type":"ReadAction","target":["https:\/\/frenchpleinairpainters.com\/index.php\/2021\/01\/06\/exposition-demeure-dartiste\/"]}]},{"@type":"ImageObject","inLanguage":"fr-FR","@id":"https:\/\/frenchpleinairpainters.com\/index.php\/2021\/01\/06\/exposition-demeure-dartiste\/#primaryimage","url":"https:\/\/frenchpleinairpainters.com\/wp-content\/uploads\/2020\/06\/BL_78380-Bougival-image1-L320p.jpg","contentUrl":"https:\/\/frenchpleinairpainters.com\/wp-content\/uploads\/2020\/06\/BL_78380-Bougival-image1-L320p.jpg","width":320,"height":240},{"@type":"BreadcrumbList","@id":"https:\/\/frenchpleinairpainters.com\/index.php\/2021\/01\/06\/exposition-demeure-dartiste\/#breadcrumb","itemListElement":[{"@type":"ListItem","position":1,"name":"Accueil","item":"https:\/\/frenchpleinairpainters.com\/index.php\/en\/"},{"@type":"ListItem","position":2,"name":"Exposition \u00ab\u00a0Demeure d&rsquo;Artiste\u00a0\u00bb"}]},{"@type":"WebSite","@id":"https:\/\/frenchpleinairpainters.com\/#website","url":"https:\/\/frenchpleinairpainters.com\/","name":"French Plein Air Painters \u00a9","description":"En France nombreux artistes peignent en plein air d\u2019apr\u00e8s la tradition artistique qui remonte m\u00eame au del\u00e0 des Impressionnistes.","publisher":{"@id":"https:\/\/frenchpleinairpainters.com\/#organization"},"potentialAction":[{"@type":"SearchAction","target":{"@type":"EntryPoint","urlTemplate":"https:\/\/frenchpleinairpainters.com\/?s={search_term_string}"},"query-input":{"@type":"PropertyValueSpecification","valueRequired":true,"valueName":"search_term_string"}}],"inLanguage":"fr-FR"},{"@type":"Organization","@id":"https:\/\/frenchpleinairpainters.com\/#organization","name":"Association Festival Cultures Crois\u00e9es \u2013 AFCC","url":"https:\/\/frenchpleinairpainters.com\/","logo":{"@type":"ImageObject","inLanguage":"fr-FR","@id":"https:\/\/frenchpleinairpainters.com\/#\/schema\/logo\/image\/","url":"https:\/\/frenchpleinairpainters.com\/wp-content\/uploads\/2019\/10\/AFCC_logo2008_BLANCJPG.jpg","contentUrl":"https:\/\/frenchpleinairpainters.com\/wp-content\/uploads\/2019\/10\/AFCC_logo2008_BLANCJPG.jpg","width":654,"height":741,"caption":"Association Festival Cultures Crois\u00e9es \u2013 AFCC"},"image":{"@id":"https:\/\/frenchpleinairpainters.com\/#\/schema\/logo\/image\/"}},{"@type":"Person","@id":"https:\/\/frenchpleinairpainters.com\/#\/schema\/person\/5c3e2f02bd3928b08ef984cf5095e318","name":"Anna Filimonova","image":{"@type":"ImageObject","inLanguage":"fr-FR","@id":"https:\/\/secure.gravatar.com\/avatar\/3ba0952fbf94ad8cb32ad074892c73b72fa6853d5a58b67a016ebf869421d34a?s=96&d=mm&r=g","url":"https:\/\/secure.gravatar.com\/avatar\/3ba0952fbf94ad8cb32ad074892c73b72fa6853d5a58b67a016ebf869421d34a?s=96&d=mm&r=g","contentUrl":"https:\/\/secure.gravatar.com\/avatar\/3ba0952fbf94ad8cb32ad074892c73b72fa6853d5a58b67a016ebf869421d34a?s=96&d=mm&r=g","caption":"Anna Filimonova"},"url":"https:\/\/frenchpleinairpainters.com\/index.php\/author\/anna\/"}]}},"_links":{"self":[{"href":"https:\/\/frenchpleinairpainters.com\/index.php\/wp-json\/wp\/v2\/posts\/2975","targetHints":{"allow":["GET"]}}],"collection":[{"href":"https:\/\/frenchpleinairpainters.com\/index.php\/wp-json\/wp\/v2\/posts"}],"about":[{"href":"https:\/\/frenchpleinairpainters.com\/index.php\/wp-json\/wp\/v2\/types\/post"}],"author":[{"embeddable":true,"href":"https:\/\/frenchpleinairpainters.com\/index.php\/wp-json\/wp\/v2\/users\/7"}],"replies":[{"embeddable":true,"href":"https:\/\/frenchpleinairpainters.com\/index.php\/wp-json\/wp\/v2\/comments?post=2975"}],"version-history":[{"count":6,"href":"https:\/\/frenchpleinairpainters.com\/index.php\/wp-json\/wp\/v2\/posts\/2975\/revisions"}],"predecessor-version":[{"id":3412,"href":"https:\/\/frenchpleinairpainters.com\/index.php\/wp-json\/wp\/v2\/posts\/2975\/revisions\/3412"}],"wp:featuredmedia":[{"embeddable":true,"href":"https:\/\/frenchpleinairpainters.com\/index.php\/wp-json\/wp\/v2\/media\/1531"}],"wp:attachment":[{"href":"https:\/\/frenchpleinairpainters.com\/index.php\/wp-json\/wp\/v2\/media?parent=2975"}],"wp:term":[{"taxonomy":"category","embeddable":true,"href":"https:\/\/frenchpleinairpainters.com\/index.php\/wp-json\/wp\/v2\/categories?post=2975"},{"taxonomy":"post_tag","embeddable":true,"href":"https:\/\/frenchpleinairpainters.com\/index.php\/wp-json\/wp\/v2\/tags?post=2975"}],"curies":[{"name":"wp","href":"https:\/\/api.w.org\/{rel}","templated":true}]}}