{"id":5070,"date":"2022-02-25T18:33:04","date_gmt":"2022-02-25T17:33:04","guid":{"rendered":"https:\/\/frenchpleinairpainters.com\/?p=5070"},"modified":"2023-03-21T00:49:34","modified_gmt":"2023-03-20T23:49:34","slug":"prochaine-sortie","status":"publish","type":"post","link":"https:\/\/frenchpleinairpainters.com\/index.php\/2022\/02\/25\/prochaine-sortie\/","title":{"rendered":"La sortie  du mois d&rsquo;avril a eu lieu le samedi 9 avril 2022 \u00e0 Compi\u00e8gne"},"content":{"rendered":"Avril\u00a0 \u00e9t\u00e9 marqu\u00e9 par la journ\u00e9e de la peinture \u00e0 Compi\u00e8gne avec Marnix Hoogendoorm\u00a0 qui nous a re\u00e7u dans sa ville \u00e0 l\u2019occasion de son exposition le samedi 9 avril <a href=\"https:\/\/frenchpleinairpainters.com\/index.php\/2022\/02\/25\/prochaine-sortie\/\" class=\"more-link\">(suite\u2026)<\/a>","protected":false},"excerpt":{"rendered":"<p>Le 5 mars nous avons la sortie pour peindre les etangs de Corot \u00e0 la Ville d&rsquo;Avray<\/p>\n","protected":false},"author":7,"featured_media":5004,"comment_status":"closed","ping_status":"closed","sticky":false,"template":"","format":"standard","meta":{"footnotes":""},"categories":[15],"tags":[1274,1272],"class_list":["post-5070","post","type-post","status-publish","format-standard","has-post-thumbnail","hentry","category-calendrier","tag-sortie-de-plein-air","tag-ville-davray"],"yoast_head":"<!-- This site is optimized with the Yoast SEO plugin v27.4 - https:\/\/yoast.com\/product\/yoast-seo-wordpress\/ -->\n<title>La sortie du mois d&#039;avril a eu lieu le samedi 9 avril 2022 \u00e0 Compi\u00e8gne - French Plein Air Painters \u00a9<\/title>\n<meta name=\"description\" content=\"Etang de Corot, Ville d&#039;Avray\" \/>\n<meta name=\"robots\" content=\"index, follow, max-snippet:-1, max-image-preview:large, max-video-preview:-1\" \/>\n<link rel=\"canonical\" href=\"https:\/\/frenchpleinairpainters.com\/index.php\/2022\/02\/25\/prochaine-sortie\/\" \/>\n<meta property=\"og:locale\" content=\"fr_FR\" \/>\n<meta property=\"og:type\" content=\"article\" \/>\n<meta property=\"og:title\" content=\"La sortie du mois d&#039;avril a eu lieu le samedi 9 avril 2022 \u00e0 Compi\u00e8gne - French Plein Air Painters \u00a9\" \/>\n<meta property=\"og:description\" content=\"Etang de Corot, Ville d&#039;Avray\" \/>\n<meta property=\"og:url\" content=\"https:\/\/frenchpleinairpainters.com\/index.php\/2022\/02\/25\/prochaine-sortie\/\" \/>\n<meta property=\"og:site_name\" content=\"French Plein Air Painters \u00a9\" \/>\n<meta property=\"article:published_time\" content=\"2022-02-25T17:33:04+00:00\" \/>\n<meta property=\"article:modified_time\" content=\"2023-03-20T23:49:34+00:00\" \/>\n<meta property=\"og:image\" content=\"https:\/\/frenchpleinairpainters.com\/wp-content\/uploads\/2022\/01\/Etangs-de-Corot-impressionniste.jpg\" \/>\n\t<meta property=\"og:image:width\" content=\"1024\" \/>\n\t<meta property=\"og:image:height\" content=\"770\" \/>\n\t<meta property=\"og:image:type\" content=\"image\/jpeg\" \/>\n<meta name=\"author\" content=\"Anna Filimonova\" \/>\n<meta name=\"twitter:card\" content=\"summary_large_image\" \/>\n<meta name=\"twitter:label1\" content=\"\u00c9crit par\" \/>\n\t<meta name=\"twitter:data1\" content=\"Anna Filimonova\" \/>\n\t<meta name=\"twitter:label2\" content=\"Dur\u00e9e de lecture estim\u00e9e\" \/>\n\t<meta name=\"twitter:data2\" content=\"2 minutes\" \/>\n<script type=\"application\/ld+json\" class=\"yoast-schema-graph\">{\"@context\":\"https:\\\/\\\/schema.org\",\"@graph\":[{\"@type\":\"Article\",\"@id\":\"https:\\\/\\\/frenchpleinairpainters.com\\\/index.php\\\/2022\\\/02\\\/25\\\/prochaine-sortie\\\/#article\",\"isPartOf\":{\"@id\":\"https:\\\/\\\/frenchpleinairpainters.com\\\/index.php\\\/2022\\\/02\\\/25\\\/prochaine-sortie\\\/\"},\"author\":{\"name\":\"Anna Filimonova\",\"@id\":\"https:\\\/\\\/frenchpleinairpainters.com\\\/#\\\/schema\\\/person\\\/5c3e2f02bd3928b08ef984cf5095e318\"},\"headline\":\"La sortie du mois d&rsquo;avril a eu lieu le samedi 9 avril 2022 \u00e0 Compi\u00e8gne\",\"datePublished\":\"2022-02-25T17:33:04+00:00\",\"dateModified\":\"2023-03-20T23:49:34+00:00\",\"mainEntityOfPage\":{\"@id\":\"https:\\\/\\\/frenchpleinairpainters.com\\\/index.php\\\/2022\\\/02\\\/25\\\/prochaine-sortie\\\/\"},\"wordCount\":508,\"publisher\":{\"@id\":\"https:\\\/\\\/frenchpleinairpainters.com\\\/#organization\"},\"image\":{\"@id\":\"https:\\\/\\\/frenchpleinairpainters.com\\\/index.php\\\/2022\\\/02\\\/25\\\/prochaine-sortie\\\/#primaryimage\"},\"thumbnailUrl\":\"https:\\\/\\\/frenchpleinairpainters.com\\\/wp-content\\\/uploads\\\/2022\\\/01\\\/Etangs-de-Corot-impressionniste.jpg\",\"keywords\":[\"sortie de plein air\",\"Ville d'Avray\"],\"articleSection\":[\"Sorties\"],\"inLanguage\":\"fr-FR\"},{\"@type\":\"WebPage\",\"@id\":\"https:\\\/\\\/frenchpleinairpainters.com\\\/index.php\\\/2022\\\/02\\\/25\\\/prochaine-sortie\\\/\",\"url\":\"https:\\\/\\\/frenchpleinairpainters.com\\\/index.php\\\/2022\\\/02\\\/25\\\/prochaine-sortie\\\/\",\"name\":\"La sortie du mois d'avril a eu lieu le samedi 9 avril 2022 \u00e0 Compi\u00e8gne - French Plein Air Painters \u00a9\",\"isPartOf\":{\"@id\":\"https:\\\/\\\/frenchpleinairpainters.com\\\/#website\"},\"primaryImageOfPage\":{\"@id\":\"https:\\\/\\\/frenchpleinairpainters.com\\\/index.php\\\/2022\\\/02\\\/25\\\/prochaine-sortie\\\/#primaryimage\"},\"image\":{\"@id\":\"https:\\\/\\\/frenchpleinairpainters.com\\\/index.php\\\/2022\\\/02\\\/25\\\/prochaine-sortie\\\/#primaryimage\"},\"thumbnailUrl\":\"https:\\\/\\\/frenchpleinairpainters.com\\\/wp-content\\\/uploads\\\/2022\\\/01\\\/Etangs-de-Corot-impressionniste.jpg\",\"datePublished\":\"2022-02-25T17:33:04+00:00\",\"dateModified\":\"2023-03-20T23:49:34+00:00\",\"description\":\"Etang de Corot, Ville d'Avray\",\"breadcrumb\":{\"@id\":\"https:\\\/\\\/frenchpleinairpainters.com\\\/index.php\\\/2022\\\/02\\\/25\\\/prochaine-sortie\\\/#breadcrumb\"},\"inLanguage\":\"fr-FR\",\"potentialAction\":[{\"@type\":\"ReadAction\",\"target\":[\"https:\\\/\\\/frenchpleinairpainters.com\\\/index.php\\\/2022\\\/02\\\/25\\\/prochaine-sortie\\\/\"]}]},{\"@type\":\"ImageObject\",\"inLanguage\":\"fr-FR\",\"@id\":\"https:\\\/\\\/frenchpleinairpainters.com\\\/index.php\\\/2022\\\/02\\\/25\\\/prochaine-sortie\\\/#primaryimage\",\"url\":\"https:\\\/\\\/frenchpleinairpainters.com\\\/wp-content\\\/uploads\\\/2022\\\/01\\\/Etangs-de-Corot-impressionniste.jpg\",\"contentUrl\":\"https:\\\/\\\/frenchpleinairpainters.com\\\/wp-content\\\/uploads\\\/2022\\\/01\\\/Etangs-de-Corot-impressionniste.jpg\",\"width\":1024,\"height\":770},{\"@type\":\"BreadcrumbList\",\"@id\":\"https:\\\/\\\/frenchpleinairpainters.com\\\/index.php\\\/2022\\\/02\\\/25\\\/prochaine-sortie\\\/#breadcrumb\",\"itemListElement\":[{\"@type\":\"ListItem\",\"position\":1,\"name\":\"Accueil\",\"item\":\"https:\\\/\\\/frenchpleinairpainters.com\\\/index.php\\\/en\\\/\"},{\"@type\":\"ListItem\",\"position\":2,\"name\":\"La sortie du mois d&rsquo;avril a eu lieu le samedi 9 avril 2022 \u00e0 Compi\u00e8gne\"}]},{\"@type\":\"WebSite\",\"@id\":\"https:\\\/\\\/frenchpleinairpainters.com\\\/#website\",\"url\":\"https:\\\/\\\/frenchpleinairpainters.com\\\/\",\"name\":\"French Plein Air Painters \u00a9\",\"description\":\"En France nombreux artistes peignent en plein air d\u2019apr\u00e8s la tradition artistique qui remonte m\u00eame au del\u00e0 des Impressionnistes.\",\"publisher\":{\"@id\":\"https:\\\/\\\/frenchpleinairpainters.com\\\/#organization\"},\"potentialAction\":[{\"@type\":\"SearchAction\",\"target\":{\"@type\":\"EntryPoint\",\"urlTemplate\":\"https:\\\/\\\/frenchpleinairpainters.com\\\/?s={search_term_string}\"},\"query-input\":{\"@type\":\"PropertyValueSpecification\",\"valueRequired\":true,\"valueName\":\"search_term_string\"}}],\"inLanguage\":\"fr-FR\"},{\"@type\":\"Organization\",\"@id\":\"https:\\\/\\\/frenchpleinairpainters.com\\\/#organization\",\"name\":\"Association Festival Cultures Crois\u00e9es \u2013 AFCC\",\"url\":\"https:\\\/\\\/frenchpleinairpainters.com\\\/\",\"logo\":{\"@type\":\"ImageObject\",\"inLanguage\":\"fr-FR\",\"@id\":\"https:\\\/\\\/frenchpleinairpainters.com\\\/#\\\/schema\\\/logo\\\/image\\\/\",\"url\":\"https:\\\/\\\/frenchpleinairpainters.com\\\/wp-content\\\/uploads\\\/2019\\\/10\\\/AFCC_logo2008_BLANCJPG.jpg\",\"contentUrl\":\"https:\\\/\\\/frenchpleinairpainters.com\\\/wp-content\\\/uploads\\\/2019\\\/10\\\/AFCC_logo2008_BLANCJPG.jpg\",\"width\":654,\"height\":741,\"caption\":\"Association Festival Cultures Crois\u00e9es \u2013 AFCC\"},\"image\":{\"@id\":\"https:\\\/\\\/frenchpleinairpainters.com\\\/#\\\/schema\\\/logo\\\/image\\\/\"}},{\"@type\":\"Person\",\"@id\":\"https:\\\/\\\/frenchpleinairpainters.com\\\/#\\\/schema\\\/person\\\/5c3e2f02bd3928b08ef984cf5095e318\",\"name\":\"Anna Filimonova\",\"image\":{\"@type\":\"ImageObject\",\"inLanguage\":\"fr-FR\",\"@id\":\"https:\\\/\\\/secure.gravatar.com\\\/avatar\\\/3ba0952fbf94ad8cb32ad074892c73b72fa6853d5a58b67a016ebf869421d34a?s=96&d=mm&r=g\",\"url\":\"https:\\\/\\\/secure.gravatar.com\\\/avatar\\\/3ba0952fbf94ad8cb32ad074892c73b72fa6853d5a58b67a016ebf869421d34a?s=96&d=mm&r=g\",\"contentUrl\":\"https:\\\/\\\/secure.gravatar.com\\\/avatar\\\/3ba0952fbf94ad8cb32ad074892c73b72fa6853d5a58b67a016ebf869421d34a?s=96&d=mm&r=g\",\"caption\":\"Anna Filimonova\"},\"url\":\"https:\\\/\\\/frenchpleinairpainters.com\\\/index.php\\\/author\\\/anna\\\/\"}]}<\/script>\n<!-- \/ Yoast SEO plugin. -->","yoast_head_json":{"title":"La sortie du mois d'avril a eu lieu le samedi 9 avril 2022 \u00e0 Compi\u00e8gne - French Plein Air Painters \u00a9","description":"Etang de Corot, Ville d'Avray","robots":{"index":"index","follow":"follow","max-snippet":"max-snippet:-1","max-image-preview":"max-image-preview:large","max-video-preview":"max-video-preview:-1"},"canonical":"https:\/\/frenchpleinairpainters.com\/index.php\/2022\/02\/25\/prochaine-sortie\/","og_locale":"fr_FR","og_type":"article","og_title":"La sortie du mois d'avril a eu lieu le samedi 9 avril 2022 \u00e0 Compi\u00e8gne - French Plein Air Painters \u00a9","og_description":"Etang de Corot, Ville d'Avray","og_url":"https:\/\/frenchpleinairpainters.com\/index.php\/2022\/02\/25\/prochaine-sortie\/","og_site_name":"French Plein Air Painters \u00a9","article_published_time":"2022-02-25T17:33:04+00:00","article_modified_time":"2023-03-20T23:49:34+00:00","og_image":[{"width":1024,"height":770,"url":"https:\/\/frenchpleinairpainters.com\/wp-content\/uploads\/2022\/01\/Etangs-de-Corot-impressionniste.jpg","type":"image\/jpeg"}],"author":"Anna Filimonova","twitter_card":"summary_large_image","twitter_misc":{"\u00c9crit par":"Anna Filimonova","Dur\u00e9e de lecture estim\u00e9e":"2 minutes"},"schema":{"@context":"https:\/\/schema.org","@graph":[{"@type":"Article","@id":"https:\/\/frenchpleinairpainters.com\/index.php\/2022\/02\/25\/prochaine-sortie\/#article","isPartOf":{"@id":"https:\/\/frenchpleinairpainters.com\/index.php\/2022\/02\/25\/prochaine-sortie\/"},"author":{"name":"Anna Filimonova","@id":"https:\/\/frenchpleinairpainters.com\/#\/schema\/person\/5c3e2f02bd3928b08ef984cf5095e318"},"headline":"La sortie du mois d&rsquo;avril a eu lieu le samedi 9 avril 2022 \u00e0 Compi\u00e8gne","datePublished":"2022-02-25T17:33:04+00:00","dateModified":"2023-03-20T23:49:34+00:00","mainEntityOfPage":{"@id":"https:\/\/frenchpleinairpainters.com\/index.php\/2022\/02\/25\/prochaine-sortie\/"},"wordCount":508,"publisher":{"@id":"https:\/\/frenchpleinairpainters.com\/#organization"},"image":{"@id":"https:\/\/frenchpleinairpainters.com\/index.php\/2022\/02\/25\/prochaine-sortie\/#primaryimage"},"thumbnailUrl":"https:\/\/frenchpleinairpainters.com\/wp-content\/uploads\/2022\/01\/Etangs-de-Corot-impressionniste.jpg","keywords":["sortie de plein air","Ville d'Avray"],"articleSection":["Sorties"],"inLanguage":"fr-FR"},{"@type":"WebPage","@id":"https:\/\/frenchpleinairpainters.com\/index.php\/2022\/02\/25\/prochaine-sortie\/","url":"https:\/\/frenchpleinairpainters.com\/index.php\/2022\/02\/25\/prochaine-sortie\/","name":"La sortie du mois d'avril a eu lieu le samedi 9 avril 2022 \u00e0 Compi\u00e8gne - French Plein Air Painters \u00a9","isPartOf":{"@id":"https:\/\/frenchpleinairpainters.com\/#website"},"primaryImageOfPage":{"@id":"https:\/\/frenchpleinairpainters.com\/index.php\/2022\/02\/25\/prochaine-sortie\/#primaryimage"},"image":{"@id":"https:\/\/frenchpleinairpainters.com\/index.php\/2022\/02\/25\/prochaine-sortie\/#primaryimage"},"thumbnailUrl":"https:\/\/frenchpleinairpainters.com\/wp-content\/uploads\/2022\/01\/Etangs-de-Corot-impressionniste.jpg","datePublished":"2022-02-25T17:33:04+00:00","dateModified":"2023-03-20T23:49:34+00:00","description":"Etang de Corot, Ville d'Avray","breadcrumb":{"@id":"https:\/\/frenchpleinairpainters.com\/index.php\/2022\/02\/25\/prochaine-sortie\/#breadcrumb"},"inLanguage":"fr-FR","potentialAction":[{"@type":"ReadAction","target":["https:\/\/frenchpleinairpainters.com\/index.php\/2022\/02\/25\/prochaine-sortie\/"]}]},{"@type":"ImageObject","inLanguage":"fr-FR","@id":"https:\/\/frenchpleinairpainters.com\/index.php\/2022\/02\/25\/prochaine-sortie\/#primaryimage","url":"https:\/\/frenchpleinairpainters.com\/wp-content\/uploads\/2022\/01\/Etangs-de-Corot-impressionniste.jpg","contentUrl":"https:\/\/frenchpleinairpainters.com\/wp-content\/uploads\/2022\/01\/Etangs-de-Corot-impressionniste.jpg","width":1024,"height":770},{"@type":"BreadcrumbList","@id":"https:\/\/frenchpleinairpainters.com\/index.php\/2022\/02\/25\/prochaine-sortie\/#breadcrumb","itemListElement":[{"@type":"ListItem","position":1,"name":"Accueil","item":"https:\/\/frenchpleinairpainters.com\/index.php\/en\/"},{"@type":"ListItem","position":2,"name":"La sortie du mois d&rsquo;avril a eu lieu le samedi 9 avril 2022 \u00e0 Compi\u00e8gne"}]},{"@type":"WebSite","@id":"https:\/\/frenchpleinairpainters.com\/#website","url":"https:\/\/frenchpleinairpainters.com\/","name":"French Plein Air Painters \u00a9","description":"En France nombreux artistes peignent en plein air d\u2019apr\u00e8s la tradition artistique qui remonte m\u00eame au del\u00e0 des Impressionnistes.","publisher":{"@id":"https:\/\/frenchpleinairpainters.com\/#organization"},"potentialAction":[{"@type":"SearchAction","target":{"@type":"EntryPoint","urlTemplate":"https:\/\/frenchpleinairpainters.com\/?s={search_term_string}"},"query-input":{"@type":"PropertyValueSpecification","valueRequired":true,"valueName":"search_term_string"}}],"inLanguage":"fr-FR"},{"@type":"Organization","@id":"https:\/\/frenchpleinairpainters.com\/#organization","name":"Association Festival Cultures Crois\u00e9es \u2013 AFCC","url":"https:\/\/frenchpleinairpainters.com\/","logo":{"@type":"ImageObject","inLanguage":"fr-FR","@id":"https:\/\/frenchpleinairpainters.com\/#\/schema\/logo\/image\/","url":"https:\/\/frenchpleinairpainters.com\/wp-content\/uploads\/2019\/10\/AFCC_logo2008_BLANCJPG.jpg","contentUrl":"https:\/\/frenchpleinairpainters.com\/wp-content\/uploads\/2019\/10\/AFCC_logo2008_BLANCJPG.jpg","width":654,"height":741,"caption":"Association Festival Cultures Crois\u00e9es \u2013 AFCC"},"image":{"@id":"https:\/\/frenchpleinairpainters.com\/#\/schema\/logo\/image\/"}},{"@type":"Person","@id":"https:\/\/frenchpleinairpainters.com\/#\/schema\/person\/5c3e2f02bd3928b08ef984cf5095e318","name":"Anna Filimonova","image":{"@type":"ImageObject","inLanguage":"fr-FR","@id":"https:\/\/secure.gravatar.com\/avatar\/3ba0952fbf94ad8cb32ad074892c73b72fa6853d5a58b67a016ebf869421d34a?s=96&d=mm&r=g","url":"https:\/\/secure.gravatar.com\/avatar\/3ba0952fbf94ad8cb32ad074892c73b72fa6853d5a58b67a016ebf869421d34a?s=96&d=mm&r=g","contentUrl":"https:\/\/secure.gravatar.com\/avatar\/3ba0952fbf94ad8cb32ad074892c73b72fa6853d5a58b67a016ebf869421d34a?s=96&d=mm&r=g","caption":"Anna Filimonova"},"url":"https:\/\/frenchpleinairpainters.com\/index.php\/author\/anna\/"}]}},"_links":{"self":[{"href":"https:\/\/frenchpleinairpainters.com\/index.php\/wp-json\/wp\/v2\/posts\/5070","targetHints":{"allow":["GET"]}}],"collection":[{"href":"https:\/\/frenchpleinairpainters.com\/index.php\/wp-json\/wp\/v2\/posts"}],"about":[{"href":"https:\/\/frenchpleinairpainters.com\/index.php\/wp-json\/wp\/v2\/types\/post"}],"author":[{"embeddable":true,"href":"https:\/\/frenchpleinairpainters.com\/index.php\/wp-json\/wp\/v2\/users\/7"}],"replies":[{"embeddable":true,"href":"https:\/\/frenchpleinairpainters.com\/index.php\/wp-json\/wp\/v2\/comments?post=5070"}],"version-history":[{"count":14,"href":"https:\/\/frenchpleinairpainters.com\/index.php\/wp-json\/wp\/v2\/posts\/5070\/revisions"}],"predecessor-version":[{"id":5121,"href":"https:\/\/frenchpleinairpainters.com\/index.php\/wp-json\/wp\/v2\/posts\/5070\/revisions\/5121"}],"wp:featuredmedia":[{"embeddable":true,"href":"https:\/\/frenchpleinairpainters.com\/index.php\/wp-json\/wp\/v2\/media\/5004"}],"wp:attachment":[{"href":"https:\/\/frenchpleinairpainters.com\/index.php\/wp-json\/wp\/v2\/media?parent=5070"}],"wp:term":[{"taxonomy":"category","embeddable":true,"href":"https:\/\/frenchpleinairpainters.com\/index.php\/wp-json\/wp\/v2\/categories?post=5070"},{"taxonomy":"post_tag","embeddable":true,"href":"https:\/\/frenchpleinairpainters.com\/index.php\/wp-json\/wp\/v2\/tags?post=5070"}],"curies":[{"name":"wp","href":"https:\/\/api.w.org\/{rel}","templated":true}]}}