{"id":5119,"date":"2023-05-31T18:06:15","date_gmt":"2023-05-31T16:06:15","guid":{"rendered":"https:\/\/frenchpleinairpainters.com\/?p=5119"},"modified":"2023-11-20T22:16:40","modified_gmt":"2023-11-20T21:16:40","slug":"sortie-du-mois-de-juin-la-roseraie-de-val-de-marne-a-lhay-les-roses-le-6-juin","status":"publish","type":"post","link":"https:\/\/frenchpleinairpainters.com\/index.php\/2023\/05\/31\/sortie-du-mois-de-juin-la-roseraie-de-val-de-marne-a-lhay-les-roses-le-6-juin\/","title":{"rendered":"Certains sorties r\u00e9marquables des ann\u00e9es pass\u00e9es."},"content":{"rendered":"Dans cette rubrique nous en conservons quelques unes dans nos sorties r\u00e9marquables des ann\u00e9es pass\u00e9es, vous pouvez les consulter sur ces pages. Par exemple celle-ci tr\u00e8s belle et appr\u00e9ci\u00e9e \u00ab\u00a0La <a href=\"https:\/\/frenchpleinairpainters.com\/index.php\/2023\/05\/31\/sortie-du-mois-de-juin-la-roseraie-de-val-de-marne-a-lhay-les-roses-le-6-juin\/\" class=\"more-link\">(suite\u2026)<\/a>","protected":false},"excerpt":{"rendered":"<p>Dans cette rubrique nous en conservons quelques unes dans nos sorties r\u00e9marquables des ann\u00e9es pass\u00e9es, vous pouvez les consulter sur ces pages. Par exemple celle-ci tr\u00e8s belle et appr\u00e9ci\u00e9e \u00ab\u00a0La (suite\u2026)<\/p>\n","protected":false},"author":7,"featured_media":5123,"comment_status":"closed","ping_status":"closed","sticky":true,"template":"","format":"standard","meta":{"footnotes":""},"categories":[15],"tags":[912,1279,1277],"class_list":["post-5119","post","type-post","status-publish","format-standard","has-post-thumbnail","hentry","category-calendrier","tag-enseigne-la-peinture","tag-hay-les-roses","tag-la-roseraie"],"yoast_head":"<!-- This site is optimized with the Yoast SEO plugin v27.4 - https:\/\/yoast.com\/product\/yoast-seo-wordpress\/ -->\n<title>Certains sorties r\u00e9marquables des ann\u00e9es pass\u00e9es. - French Plein Air Painters \u00a9<\/title>\n<meta name=\"robots\" content=\"index, follow, max-snippet:-1, max-image-preview:large, max-video-preview:-1\" \/>\n<link rel=\"canonical\" href=\"https:\/\/frenchpleinairpainters.com\/index.php\/2023\/05\/31\/sortie-du-mois-de-juin-la-roseraie-de-val-de-marne-a-lhay-les-roses-le-6-juin\/\" \/>\n<meta property=\"og:locale\" content=\"fr_FR\" \/>\n<meta property=\"og:type\" content=\"article\" \/>\n<meta property=\"og:title\" content=\"Certains sorties r\u00e9marquables des ann\u00e9es pass\u00e9es. - French Plein Air Painters \u00a9\" \/>\n<meta property=\"og:description\" content=\"Dans cette rubrique nous en conservons quelques unes dans nos sorties r\u00e9marquables des ann\u00e9es pass\u00e9es, vous pouvez les consulter sur ces pages. Par exemple celle-ci tr\u00e8s belle et appr\u00e9ci\u00e9e \u00ab\u00a0La (suite\u2026)\" \/>\n<meta property=\"og:url\" content=\"https:\/\/frenchpleinairpainters.com\/index.php\/2023\/05\/31\/sortie-du-mois-de-juin-la-roseraie-de-val-de-marne-a-lhay-les-roses-le-6-juin\/\" \/>\n<meta property=\"og:site_name\" content=\"French Plein Air Painters \u00a9\" \/>\n<meta property=\"article:published_time\" content=\"2023-05-31T16:06:15+00:00\" \/>\n<meta property=\"article:modified_time\" content=\"2023-11-20T21:16:40+00:00\" \/>\n<meta property=\"og:image\" content=\"https:\/\/frenchpleinairpainters.com\/wp-content\/uploads\/2022\/05\/PHOTO-2022-05-28-17-07-52.jpg\" \/>\n\t<meta property=\"og:image:width\" content=\"768\" \/>\n\t<meta property=\"og:image:height\" content=\"1024\" \/>\n\t<meta property=\"og:image:type\" content=\"image\/jpeg\" \/>\n<meta name=\"author\" content=\"Anna Filimonova\" \/>\n<meta name=\"twitter:card\" content=\"summary_large_image\" \/>\n<meta name=\"twitter:label1\" content=\"\u00c9crit par\" \/>\n\t<meta name=\"twitter:data1\" content=\"Anna Filimonova\" \/>\n<script type=\"application\/ld+json\" class=\"yoast-schema-graph\">{\"@context\":\"https:\\\/\\\/schema.org\",\"@graph\":[{\"@type\":\"Article\",\"@id\":\"https:\\\/\\\/frenchpleinairpainters.com\\\/index.php\\\/2023\\\/05\\\/31\\\/sortie-du-mois-de-juin-la-roseraie-de-val-de-marne-a-lhay-les-roses-le-6-juin\\\/#article\",\"isPartOf\":{\"@id\":\"https:\\\/\\\/frenchpleinairpainters.com\\\/index.php\\\/2023\\\/05\\\/31\\\/sortie-du-mois-de-juin-la-roseraie-de-val-de-marne-a-lhay-les-roses-le-6-juin\\\/\"},\"author\":{\"name\":\"Anna Filimonova\",\"@id\":\"https:\\\/\\\/frenchpleinairpainters.com\\\/#\\\/schema\\\/person\\\/5c3e2f02bd3928b08ef984cf5095e318\"},\"headline\":\"Certains sorties r\u00e9marquables des ann\u00e9es pass\u00e9es.\",\"datePublished\":\"2023-05-31T16:06:15+00:00\",\"dateModified\":\"2023-11-20T21:16:40+00:00\",\"mainEntityOfPage\":{\"@id\":\"https:\\\/\\\/frenchpleinairpainters.com\\\/index.php\\\/2023\\\/05\\\/31\\\/sortie-du-mois-de-juin-la-roseraie-de-val-de-marne-a-lhay-les-roses-le-6-juin\\\/\"},\"wordCount\":97,\"publisher\":{\"@id\":\"https:\\\/\\\/frenchpleinairpainters.com\\\/#organization\"},\"image\":{\"@id\":\"https:\\\/\\\/frenchpleinairpainters.com\\\/index.php\\\/2023\\\/05\\\/31\\\/sortie-du-mois-de-juin-la-roseraie-de-val-de-marne-a-lhay-les-roses-le-6-juin\\\/#primaryimage\"},\"thumbnailUrl\":\"https:\\\/\\\/frenchpleinairpainters.com\\\/wp-content\\\/uploads\\\/2022\\\/05\\\/PHOTO-2022-05-28-17-07-52.jpg\",\"keywords\":[\"enseigne la peinture\",\"hay-les-roses\",\"la roseraie\"],\"articleSection\":[\"Sorties\"],\"inLanguage\":\"fr-FR\"},{\"@type\":\"WebPage\",\"@id\":\"https:\\\/\\\/frenchpleinairpainters.com\\\/index.php\\\/2023\\\/05\\\/31\\\/sortie-du-mois-de-juin-la-roseraie-de-val-de-marne-a-lhay-les-roses-le-6-juin\\\/\",\"url\":\"https:\\\/\\\/frenchpleinairpainters.com\\\/index.php\\\/2023\\\/05\\\/31\\\/sortie-du-mois-de-juin-la-roseraie-de-val-de-marne-a-lhay-les-roses-le-6-juin\\\/\",\"name\":\"Certains sorties r\u00e9marquables des ann\u00e9es pass\u00e9es. - French Plein Air Painters \u00a9\",\"isPartOf\":{\"@id\":\"https:\\\/\\\/frenchpleinairpainters.com\\\/#website\"},\"primaryImageOfPage\":{\"@id\":\"https:\\\/\\\/frenchpleinairpainters.com\\\/index.php\\\/2023\\\/05\\\/31\\\/sortie-du-mois-de-juin-la-roseraie-de-val-de-marne-a-lhay-les-roses-le-6-juin\\\/#primaryimage\"},\"image\":{\"@id\":\"https:\\\/\\\/frenchpleinairpainters.com\\\/index.php\\\/2023\\\/05\\\/31\\\/sortie-du-mois-de-juin-la-roseraie-de-val-de-marne-a-lhay-les-roses-le-6-juin\\\/#primaryimage\"},\"thumbnailUrl\":\"https:\\\/\\\/frenchpleinairpainters.com\\\/wp-content\\\/uploads\\\/2022\\\/05\\\/PHOTO-2022-05-28-17-07-52.jpg\",\"datePublished\":\"2023-05-31T16:06:15+00:00\",\"dateModified\":\"2023-11-20T21:16:40+00:00\",\"breadcrumb\":{\"@id\":\"https:\\\/\\\/frenchpleinairpainters.com\\\/index.php\\\/2023\\\/05\\\/31\\\/sortie-du-mois-de-juin-la-roseraie-de-val-de-marne-a-lhay-les-roses-le-6-juin\\\/#breadcrumb\"},\"inLanguage\":\"fr-FR\",\"potentialAction\":[{\"@type\":\"ReadAction\",\"target\":[\"https:\\\/\\\/frenchpleinairpainters.com\\\/index.php\\\/2023\\\/05\\\/31\\\/sortie-du-mois-de-juin-la-roseraie-de-val-de-marne-a-lhay-les-roses-le-6-juin\\\/\"]}]},{\"@type\":\"ImageObject\",\"inLanguage\":\"fr-FR\",\"@id\":\"https:\\\/\\\/frenchpleinairpainters.com\\\/index.php\\\/2023\\\/05\\\/31\\\/sortie-du-mois-de-juin-la-roseraie-de-val-de-marne-a-lhay-les-roses-le-6-juin\\\/#primaryimage\",\"url\":\"https:\\\/\\\/frenchpleinairpainters.com\\\/wp-content\\\/uploads\\\/2022\\\/05\\\/PHOTO-2022-05-28-17-07-52.jpg\",\"contentUrl\":\"https:\\\/\\\/frenchpleinairpainters.com\\\/wp-content\\\/uploads\\\/2022\\\/05\\\/PHOTO-2022-05-28-17-07-52.jpg\",\"width\":768,\"height\":1024},{\"@type\":\"BreadcrumbList\",\"@id\":\"https:\\\/\\\/frenchpleinairpainters.com\\\/index.php\\\/2023\\\/05\\\/31\\\/sortie-du-mois-de-juin-la-roseraie-de-val-de-marne-a-lhay-les-roses-le-6-juin\\\/#breadcrumb\",\"itemListElement\":[{\"@type\":\"ListItem\",\"position\":1,\"name\":\"Accueil\",\"item\":\"https:\\\/\\\/frenchpleinairpainters.com\\\/index.php\\\/en\\\/\"},{\"@type\":\"ListItem\",\"position\":2,\"name\":\"Certains sorties r\u00e9marquables des ann\u00e9es pass\u00e9es.\"}]},{\"@type\":\"WebSite\",\"@id\":\"https:\\\/\\\/frenchpleinairpainters.com\\\/#website\",\"url\":\"https:\\\/\\\/frenchpleinairpainters.com\\\/\",\"name\":\"French Plein Air Painters \u00a9\",\"description\":\"En France nombreux artistes peignent en plein air d\u2019apr\u00e8s la tradition artistique qui remonte m\u00eame au del\u00e0 des Impressionnistes.\",\"publisher\":{\"@id\":\"https:\\\/\\\/frenchpleinairpainters.com\\\/#organization\"},\"potentialAction\":[{\"@type\":\"SearchAction\",\"target\":{\"@type\":\"EntryPoint\",\"urlTemplate\":\"https:\\\/\\\/frenchpleinairpainters.com\\\/?s={search_term_string}\"},\"query-input\":{\"@type\":\"PropertyValueSpecification\",\"valueRequired\":true,\"valueName\":\"search_term_string\"}}],\"inLanguage\":\"fr-FR\"},{\"@type\":\"Organization\",\"@id\":\"https:\\\/\\\/frenchpleinairpainters.com\\\/#organization\",\"name\":\"Association Festival Cultures Crois\u00e9es \u2013 AFCC\",\"url\":\"https:\\\/\\\/frenchpleinairpainters.com\\\/\",\"logo\":{\"@type\":\"ImageObject\",\"inLanguage\":\"fr-FR\",\"@id\":\"https:\\\/\\\/frenchpleinairpainters.com\\\/#\\\/schema\\\/logo\\\/image\\\/\",\"url\":\"https:\\\/\\\/frenchpleinairpainters.com\\\/wp-content\\\/uploads\\\/2019\\\/10\\\/AFCC_logo2008_BLANCJPG.jpg\",\"contentUrl\":\"https:\\\/\\\/frenchpleinairpainters.com\\\/wp-content\\\/uploads\\\/2019\\\/10\\\/AFCC_logo2008_BLANCJPG.jpg\",\"width\":654,\"height\":741,\"caption\":\"Association Festival Cultures Crois\u00e9es \u2013 AFCC\"},\"image\":{\"@id\":\"https:\\\/\\\/frenchpleinairpainters.com\\\/#\\\/schema\\\/logo\\\/image\\\/\"}},{\"@type\":\"Person\",\"@id\":\"https:\\\/\\\/frenchpleinairpainters.com\\\/#\\\/schema\\\/person\\\/5c3e2f02bd3928b08ef984cf5095e318\",\"name\":\"Anna Filimonova\",\"image\":{\"@type\":\"ImageObject\",\"inLanguage\":\"fr-FR\",\"@id\":\"https:\\\/\\\/secure.gravatar.com\\\/avatar\\\/3ba0952fbf94ad8cb32ad074892c73b72fa6853d5a58b67a016ebf869421d34a?s=96&d=mm&r=g\",\"url\":\"https:\\\/\\\/secure.gravatar.com\\\/avatar\\\/3ba0952fbf94ad8cb32ad074892c73b72fa6853d5a58b67a016ebf869421d34a?s=96&d=mm&r=g\",\"contentUrl\":\"https:\\\/\\\/secure.gravatar.com\\\/avatar\\\/3ba0952fbf94ad8cb32ad074892c73b72fa6853d5a58b67a016ebf869421d34a?s=96&d=mm&r=g\",\"caption\":\"Anna Filimonova\"},\"url\":\"https:\\\/\\\/frenchpleinairpainters.com\\\/index.php\\\/author\\\/anna\\\/\"}]}<\/script>\n<!-- \/ Yoast SEO plugin. -->","yoast_head_json":{"title":"Certains sorties r\u00e9marquables des ann\u00e9es pass\u00e9es. - French Plein Air Painters \u00a9","robots":{"index":"index","follow":"follow","max-snippet":"max-snippet:-1","max-image-preview":"max-image-preview:large","max-video-preview":"max-video-preview:-1"},"canonical":"https:\/\/frenchpleinairpainters.com\/index.php\/2023\/05\/31\/sortie-du-mois-de-juin-la-roseraie-de-val-de-marne-a-lhay-les-roses-le-6-juin\/","og_locale":"fr_FR","og_type":"article","og_title":"Certains sorties r\u00e9marquables des ann\u00e9es pass\u00e9es. - French Plein Air Painters \u00a9","og_description":"Dans cette rubrique nous en conservons quelques unes dans nos sorties r\u00e9marquables des ann\u00e9es pass\u00e9es, vous pouvez les consulter sur ces pages. Par exemple celle-ci tr\u00e8s belle et appr\u00e9ci\u00e9e \u00ab\u00a0La (suite\u2026)","og_url":"https:\/\/frenchpleinairpainters.com\/index.php\/2023\/05\/31\/sortie-du-mois-de-juin-la-roseraie-de-val-de-marne-a-lhay-les-roses-le-6-juin\/","og_site_name":"French Plein Air Painters \u00a9","article_published_time":"2023-05-31T16:06:15+00:00","article_modified_time":"2023-11-20T21:16:40+00:00","og_image":[{"width":768,"height":1024,"url":"https:\/\/frenchpleinairpainters.com\/wp-content\/uploads\/2022\/05\/PHOTO-2022-05-28-17-07-52.jpg","type":"image\/jpeg"}],"author":"Anna Filimonova","twitter_card":"summary_large_image","twitter_misc":{"\u00c9crit par":"Anna Filimonova"},"schema":{"@context":"https:\/\/schema.org","@graph":[{"@type":"Article","@id":"https:\/\/frenchpleinairpainters.com\/index.php\/2023\/05\/31\/sortie-du-mois-de-juin-la-roseraie-de-val-de-marne-a-lhay-les-roses-le-6-juin\/#article","isPartOf":{"@id":"https:\/\/frenchpleinairpainters.com\/index.php\/2023\/05\/31\/sortie-du-mois-de-juin-la-roseraie-de-val-de-marne-a-lhay-les-roses-le-6-juin\/"},"author":{"name":"Anna Filimonova","@id":"https:\/\/frenchpleinairpainters.com\/#\/schema\/person\/5c3e2f02bd3928b08ef984cf5095e318"},"headline":"Certains sorties r\u00e9marquables des ann\u00e9es pass\u00e9es.","datePublished":"2023-05-31T16:06:15+00:00","dateModified":"2023-11-20T21:16:40+00:00","mainEntityOfPage":{"@id":"https:\/\/frenchpleinairpainters.com\/index.php\/2023\/05\/31\/sortie-du-mois-de-juin-la-roseraie-de-val-de-marne-a-lhay-les-roses-le-6-juin\/"},"wordCount":97,"publisher":{"@id":"https:\/\/frenchpleinairpainters.com\/#organization"},"image":{"@id":"https:\/\/frenchpleinairpainters.com\/index.php\/2023\/05\/31\/sortie-du-mois-de-juin-la-roseraie-de-val-de-marne-a-lhay-les-roses-le-6-juin\/#primaryimage"},"thumbnailUrl":"https:\/\/frenchpleinairpainters.com\/wp-content\/uploads\/2022\/05\/PHOTO-2022-05-28-17-07-52.jpg","keywords":["enseigne la peinture","hay-les-roses","la roseraie"],"articleSection":["Sorties"],"inLanguage":"fr-FR"},{"@type":"WebPage","@id":"https:\/\/frenchpleinairpainters.com\/index.php\/2023\/05\/31\/sortie-du-mois-de-juin-la-roseraie-de-val-de-marne-a-lhay-les-roses-le-6-juin\/","url":"https:\/\/frenchpleinairpainters.com\/index.php\/2023\/05\/31\/sortie-du-mois-de-juin-la-roseraie-de-val-de-marne-a-lhay-les-roses-le-6-juin\/","name":"Certains sorties r\u00e9marquables des ann\u00e9es pass\u00e9es. - French Plein Air Painters \u00a9","isPartOf":{"@id":"https:\/\/frenchpleinairpainters.com\/#website"},"primaryImageOfPage":{"@id":"https:\/\/frenchpleinairpainters.com\/index.php\/2023\/05\/31\/sortie-du-mois-de-juin-la-roseraie-de-val-de-marne-a-lhay-les-roses-le-6-juin\/#primaryimage"},"image":{"@id":"https:\/\/frenchpleinairpainters.com\/index.php\/2023\/05\/31\/sortie-du-mois-de-juin-la-roseraie-de-val-de-marne-a-lhay-les-roses-le-6-juin\/#primaryimage"},"thumbnailUrl":"https:\/\/frenchpleinairpainters.com\/wp-content\/uploads\/2022\/05\/PHOTO-2022-05-28-17-07-52.jpg","datePublished":"2023-05-31T16:06:15+00:00","dateModified":"2023-11-20T21:16:40+00:00","breadcrumb":{"@id":"https:\/\/frenchpleinairpainters.com\/index.php\/2023\/05\/31\/sortie-du-mois-de-juin-la-roseraie-de-val-de-marne-a-lhay-les-roses-le-6-juin\/#breadcrumb"},"inLanguage":"fr-FR","potentialAction":[{"@type":"ReadAction","target":["https:\/\/frenchpleinairpainters.com\/index.php\/2023\/05\/31\/sortie-du-mois-de-juin-la-roseraie-de-val-de-marne-a-lhay-les-roses-le-6-juin\/"]}]},{"@type":"ImageObject","inLanguage":"fr-FR","@id":"https:\/\/frenchpleinairpainters.com\/index.php\/2023\/05\/31\/sortie-du-mois-de-juin-la-roseraie-de-val-de-marne-a-lhay-les-roses-le-6-juin\/#primaryimage","url":"https:\/\/frenchpleinairpainters.com\/wp-content\/uploads\/2022\/05\/PHOTO-2022-05-28-17-07-52.jpg","contentUrl":"https:\/\/frenchpleinairpainters.com\/wp-content\/uploads\/2022\/05\/PHOTO-2022-05-28-17-07-52.jpg","width":768,"height":1024},{"@type":"BreadcrumbList","@id":"https:\/\/frenchpleinairpainters.com\/index.php\/2023\/05\/31\/sortie-du-mois-de-juin-la-roseraie-de-val-de-marne-a-lhay-les-roses-le-6-juin\/#breadcrumb","itemListElement":[{"@type":"ListItem","position":1,"name":"Accueil","item":"https:\/\/frenchpleinairpainters.com\/index.php\/en\/"},{"@type":"ListItem","position":2,"name":"Certains sorties r\u00e9marquables des ann\u00e9es pass\u00e9es."}]},{"@type":"WebSite","@id":"https:\/\/frenchpleinairpainters.com\/#website","url":"https:\/\/frenchpleinairpainters.com\/","name":"French Plein Air Painters \u00a9","description":"En France nombreux artistes peignent en plein air d\u2019apr\u00e8s la tradition artistique qui remonte m\u00eame au del\u00e0 des Impressionnistes.","publisher":{"@id":"https:\/\/frenchpleinairpainters.com\/#organization"},"potentialAction":[{"@type":"SearchAction","target":{"@type":"EntryPoint","urlTemplate":"https:\/\/frenchpleinairpainters.com\/?s={search_term_string}"},"query-input":{"@type":"PropertyValueSpecification","valueRequired":true,"valueName":"search_term_string"}}],"inLanguage":"fr-FR"},{"@type":"Organization","@id":"https:\/\/frenchpleinairpainters.com\/#organization","name":"Association Festival Cultures Crois\u00e9es \u2013 AFCC","url":"https:\/\/frenchpleinairpainters.com\/","logo":{"@type":"ImageObject","inLanguage":"fr-FR","@id":"https:\/\/frenchpleinairpainters.com\/#\/schema\/logo\/image\/","url":"https:\/\/frenchpleinairpainters.com\/wp-content\/uploads\/2019\/10\/AFCC_logo2008_BLANCJPG.jpg","contentUrl":"https:\/\/frenchpleinairpainters.com\/wp-content\/uploads\/2019\/10\/AFCC_logo2008_BLANCJPG.jpg","width":654,"height":741,"caption":"Association Festival Cultures Crois\u00e9es \u2013 AFCC"},"image":{"@id":"https:\/\/frenchpleinairpainters.com\/#\/schema\/logo\/image\/"}},{"@type":"Person","@id":"https:\/\/frenchpleinairpainters.com\/#\/schema\/person\/5c3e2f02bd3928b08ef984cf5095e318","name":"Anna Filimonova","image":{"@type":"ImageObject","inLanguage":"fr-FR","@id":"https:\/\/secure.gravatar.com\/avatar\/3ba0952fbf94ad8cb32ad074892c73b72fa6853d5a58b67a016ebf869421d34a?s=96&d=mm&r=g","url":"https:\/\/secure.gravatar.com\/avatar\/3ba0952fbf94ad8cb32ad074892c73b72fa6853d5a58b67a016ebf869421d34a?s=96&d=mm&r=g","contentUrl":"https:\/\/secure.gravatar.com\/avatar\/3ba0952fbf94ad8cb32ad074892c73b72fa6853d5a58b67a016ebf869421d34a?s=96&d=mm&r=g","caption":"Anna Filimonova"},"url":"https:\/\/frenchpleinairpainters.com\/index.php\/author\/anna\/"}]}},"_links":{"self":[{"href":"https:\/\/frenchpleinairpainters.com\/index.php\/wp-json\/wp\/v2\/posts\/5119","targetHints":{"allow":["GET"]}}],"collection":[{"href":"https:\/\/frenchpleinairpainters.com\/index.php\/wp-json\/wp\/v2\/posts"}],"about":[{"href":"https:\/\/frenchpleinairpainters.com\/index.php\/wp-json\/wp\/v2\/types\/post"}],"author":[{"embeddable":true,"href":"https:\/\/frenchpleinairpainters.com\/index.php\/wp-json\/wp\/v2\/users\/7"}],"replies":[{"embeddable":true,"href":"https:\/\/frenchpleinairpainters.com\/index.php\/wp-json\/wp\/v2\/comments?post=5119"}],"version-history":[{"count":9,"href":"https:\/\/frenchpleinairpainters.com\/index.php\/wp-json\/wp\/v2\/posts\/5119\/revisions"}],"predecessor-version":[{"id":5827,"href":"https:\/\/frenchpleinairpainters.com\/index.php\/wp-json\/wp\/v2\/posts\/5119\/revisions\/5827"}],"wp:featuredmedia":[{"embeddable":true,"href":"https:\/\/frenchpleinairpainters.com\/index.php\/wp-json\/wp\/v2\/media\/5123"}],"wp:attachment":[{"href":"https:\/\/frenchpleinairpainters.com\/index.php\/wp-json\/wp\/v2\/media?parent=5119"}],"wp:term":[{"taxonomy":"category","embeddable":true,"href":"https:\/\/frenchpleinairpainters.com\/index.php\/wp-json\/wp\/v2\/categories?post=5119"},{"taxonomy":"post_tag","embeddable":true,"href":"https:\/\/frenchpleinairpainters.com\/index.php\/wp-json\/wp\/v2\/tags?post=5119"}],"curies":[{"name":"wp","href":"https:\/\/api.w.org\/{rel}","templated":true}]}}