{"id":6584,"date":"2026-09-05T23:30:46","date_gmt":"2026-09-05T21:30:46","guid":{"rendered":"https:\/\/frenchpleinairpainters.com\/?p=6584"},"modified":"2026-09-05T23:44:37","modified_gmt":"2026-09-05T21:44:37","slug":"avis-de-concours-de-peinture-en-plein-air-en-espagne","status":"publish","type":"post","link":"https:\/\/frenchpleinairpainters.com\/index.php\/2026\/09\/05\/avis-de-concours-de-peinture-en-plein-air-en-espagne\/","title":{"rendered":"Avis de concours de peinture en plein air en Espagne"},"content":{"rendered":"Nous sommes heureux de vous annoncer le partenariat avecXX Concurso de Pintura R\u00e1pida \u201cRincones del Recinto Ferial\u201d de la Feria de Albacete, \u00e0 Albacete, en Espagne.\u00a0 C\u2019est un concours de\u00a0peinture <a href=\"https:\/\/frenchpleinairpainters.com\/index.php\/2026\/09\/05\/avis-de-concours-de-peinture-en-plein-air-en-espagne\/\" class=\"more-link\">(suite\u2026)<\/a>","protected":false},"excerpt":{"rendered":"<p>Nous sommes heureux de vous annoncer le partenariat avecXX Concurso de Pintura R\u00e1pida \u201cRincones del Recinto Ferial\u201d de la Feria de Albacete, \u00e0 Albacete, en Espagne.\u00a0 C\u2019est un concours de\u00a0peinture (suite\u2026)<\/p>\n","protected":false},"author":7,"featured_media":6585,"comment_status":"closed","ping_status":"closed","sticky":false,"template":"","format":"standard","meta":{"footnotes":""},"categories":[27,428,19,592,35],"tags":[1756],"class_list":["post-6584","post","type-post","status-publish","format-standard","has-post-thumbnail","hentry","category-accueil","category-appel-a-candidature","category-evenements","category-lieux-de-peinture","category-partenaires","tag-concours-international-de-peinture-en-plein-air-en-espagne"],"yoast_head":"<!-- This site is optimized with the Yoast SEO plugin v28.4 - https:\/\/yoast.com\/product\/yoast-seo-wordpress\/ -->\n<title>Avis de concours de peinture en plein air en Espagne - French Plein Air Painters \u00a9<\/title>\n<meta name=\"robots\" content=\"index, follow, max-snippet:-1, max-image-preview:large, max-video-preview:-1\" \/>\n<link rel=\"canonical\" href=\"https:\/\/frenchpleinairpainters.com\/index.php\/2026\/09\/05\/avis-de-concours-de-peinture-en-plein-air-en-espagne\/\" \/>\n<meta property=\"og:locale\" content=\"fr_FR\" \/>\n<meta property=\"og:type\" content=\"article\" \/>\n<meta property=\"og:title\" content=\"Avis de concours de peinture en plein air en Espagne - French Plein Air Painters \u00a9\" \/>\n<meta property=\"og:description\" content=\"Nous sommes heureux de vous annoncer le partenariat avecXX Concurso de Pintura R\u00e1pida \u201cRincones del Recinto Ferial\u201d de la Feria de Albacete, \u00e0 Albacete, en Espagne.\u00a0 C\u2019est un concours de\u00a0peinture (suite\u2026)\" \/>\n<meta property=\"og:url\" content=\"https:\/\/frenchpleinairpainters.com\/index.php\/2026\/09\/05\/avis-de-concours-de-peinture-en-plein-air-en-espagne\/\" \/>\n<meta property=\"og:site_name\" content=\"French Plein Air Painters \u00a9\" \/>\n<meta property=\"article:published_time\" content=\"2026-09-05T21:30:46+00:00\" \/>\n<meta property=\"article:modified_time\" content=\"2026-09-05T21:44:37+00:00\" \/>\n<meta property=\"og:image\" content=\"https:\/\/frenchpleinairpainters.com\/wp-content\/uploads\/2026\/09\/CARTEL-CONCURSO-PINTURA_IG-1.png\" \/>\n\t<meta property=\"og:image:width\" content=\"1080\" \/>\n\t<meta property=\"og:image:height\" content=\"1440\" \/>\n\t<meta property=\"og:image:type\" content=\"image\/png\" \/>\n<meta name=\"author\" content=\"Anna Filimonova\" \/>\n<meta name=\"twitter:card\" content=\"summary_large_image\" \/>\n<meta name=\"twitter:label1\" content=\"\u00c9crit par\" \/>\n\t<meta name=\"twitter:data1\" content=\"Anna Filimonova\" \/>\n\t<meta name=\"twitter:label2\" content=\"Dur\u00e9e de lecture estim\u00e9e\" \/>\n\t<meta name=\"twitter:data2\" content=\"2 minutes\" \/>\n<script type=\"application\/ld+json\" class=\"yoast-schema-graph\">{\"@context\":\"https:\\\/\\\/schema.org\",\"@graph\":[{\"@type\":\"Article\",\"@id\":\"https:\\\/\\\/frenchpleinairpainters.com\\\/index.php\\\/2026\\\/09\\\/05\\\/avis-de-concours-de-peinture-en-plein-air-en-espagne\\\/#article\",\"isPartOf\":{\"@id\":\"https:\\\/\\\/frenchpleinairpainters.com\\\/index.php\\\/2026\\\/09\\\/05\\\/avis-de-concours-de-peinture-en-plein-air-en-espagne\\\/\"},\"author\":{\"name\":\"Anna Filimonova\",\"@id\":\"https:\\\/\\\/frenchpleinairpainters.com\\\/#\\\/schema\\\/person\\\/5c3e2f02bd3928b08ef984cf5095e318\"},\"headline\":\"Avis de concours de peinture en plein air en Espagne\",\"datePublished\":\"2026-09-05T21:30:46+00:00\",\"dateModified\":\"2026-09-05T21:44:37+00:00\",\"mainEntityOfPage\":{\"@id\":\"https:\\\/\\\/frenchpleinairpainters.com\\\/index.php\\\/2026\\\/09\\\/05\\\/avis-de-concours-de-peinture-en-plein-air-en-espagne\\\/\"},\"wordCount\":328,\"publisher\":{\"@id\":\"https:\\\/\\\/frenchpleinairpainters.com\\\/#organization\"},\"image\":{\"@id\":\"https:\\\/\\\/frenchpleinairpainters.com\\\/index.php\\\/2026\\\/09\\\/05\\\/avis-de-concours-de-peinture-en-plein-air-en-espagne\\\/#primaryimage\"},\"thumbnailUrl\":\"https:\\\/\\\/frenchpleinairpainters.com\\\/wp-content\\\/uploads\\\/2026\\\/09\\\/CARTEL-CONCURSO-PINTURA_IG-1.png\",\"keywords\":[\"Concours International de peinture en plein air en Espagne\"],\"articleSection\":[\"Accueil\",\"Appel \u00e0 candidature\",\"Ev\u00e9nements\",\"Lieux de peinture\",\"Partenaires\"],\"inLanguage\":\"fr-FR\"},{\"@type\":\"WebPage\",\"@id\":\"https:\\\/\\\/frenchpleinairpainters.com\\\/index.php\\\/2026\\\/09\\\/05\\\/avis-de-concours-de-peinture-en-plein-air-en-espagne\\\/\",\"url\":\"https:\\\/\\\/frenchpleinairpainters.com\\\/index.php\\\/2026\\\/09\\\/05\\\/avis-de-concours-de-peinture-en-plein-air-en-espagne\\\/\",\"name\":\"Avis de concours de peinture en plein air en Espagne - French Plein Air Painters \u00a9\",\"isPartOf\":{\"@id\":\"https:\\\/\\\/frenchpleinairpainters.com\\\/#website\"},\"primaryImageOfPage\":{\"@id\":\"https:\\\/\\\/frenchpleinairpainters.com\\\/index.php\\\/2026\\\/09\\\/05\\\/avis-de-concours-de-peinture-en-plein-air-en-espagne\\\/#primaryimage\"},\"image\":{\"@id\":\"https:\\\/\\\/frenchpleinairpainters.com\\\/index.php\\\/2026\\\/09\\\/05\\\/avis-de-concours-de-peinture-en-plein-air-en-espagne\\\/#primaryimage\"},\"thumbnailUrl\":\"https:\\\/\\\/frenchpleinairpainters.com\\\/wp-content\\\/uploads\\\/2026\\\/09\\\/CARTEL-CONCURSO-PINTURA_IG-1.png\",\"datePublished\":\"2026-09-05T21:30:46+00:00\",\"dateModified\":\"2026-09-05T21:44:37+00:00\",\"breadcrumb\":{\"@id\":\"https:\\\/\\\/frenchpleinairpainters.com\\\/index.php\\\/2026\\\/09\\\/05\\\/avis-de-concours-de-peinture-en-plein-air-en-espagne\\\/#breadcrumb\"},\"inLanguage\":\"fr-FR\",\"potentialAction\":[{\"@type\":\"ReadAction\",\"target\":[\"https:\\\/\\\/frenchpleinairpainters.com\\\/index.php\\\/2026\\\/09\\\/05\\\/avis-de-concours-de-peinture-en-plein-air-en-espagne\\\/\"]}]},{\"@type\":\"ImageObject\",\"inLanguage\":\"fr-FR\",\"@id\":\"https:\\\/\\\/frenchpleinairpainters.com\\\/index.php\\\/2026\\\/09\\\/05\\\/avis-de-concours-de-peinture-en-plein-air-en-espagne\\\/#primaryimage\",\"url\":\"https:\\\/\\\/frenchpleinairpainters.com\\\/wp-content\\\/uploads\\\/2026\\\/09\\\/CARTEL-CONCURSO-PINTURA_IG-1.png\",\"contentUrl\":\"https:\\\/\\\/frenchpleinairpainters.com\\\/wp-content\\\/uploads\\\/2026\\\/09\\\/CARTEL-CONCURSO-PINTURA_IG-1.png\",\"width\":1080,\"height\":1440},{\"@type\":\"BreadcrumbList\",\"@id\":\"https:\\\/\\\/frenchpleinairpainters.com\\\/index.php\\\/2026\\\/09\\\/05\\\/avis-de-concours-de-peinture-en-plein-air-en-espagne\\\/#breadcrumb\",\"itemListElement\":[{\"@type\":\"ListItem\",\"position\":1,\"name\":\"Accueil\",\"item\":\"https:\\\/\\\/frenchpleinairpainters.com\\\/index.php\\\/en\\\/\"},{\"@type\":\"ListItem\",\"position\":2,\"name\":\"Avis de concours de peinture en plein air en Espagne\"}]},{\"@type\":\"WebSite\",\"@id\":\"https:\\\/\\\/frenchpleinairpainters.com\\\/#website\",\"url\":\"https:\\\/\\\/frenchpleinairpainters.com\\\/\",\"name\":\"French Plein Air Painters \u00a9\",\"description\":\"En France nombreux artistes peignent en plein air d\u2019apr\u00e8s la tradition artistique qui remonte m\u00eame au del\u00e0 des Impressionnistes.\",\"publisher\":{\"@id\":\"https:\\\/\\\/frenchpleinairpainters.com\\\/#organization\"},\"potentialAction\":[{\"@type\":\"SearchAction\",\"target\":{\"@type\":\"EntryPoint\",\"urlTemplate\":\"https:\\\/\\\/frenchpleinairpainters.com\\\/?s={search_term_string}\"},\"query-input\":{\"@type\":\"PropertyValueSpecification\",\"valueRequired\":true,\"valueName\":\"search_term_string\"}}],\"inLanguage\":\"fr-FR\"},{\"@type\":\"Organization\",\"@id\":\"https:\\\/\\\/frenchpleinairpainters.com\\\/#organization\",\"name\":\"Association Festival Cultures Crois\u00e9es \u2013 AFCC\",\"url\":\"https:\\\/\\\/frenchpleinairpainters.com\\\/\",\"logo\":{\"@type\":\"ImageObject\",\"inLanguage\":\"fr-FR\",\"@id\":\"https:\\\/\\\/frenchpleinairpainters.com\\\/#\\\/schema\\\/logo\\\/image\\\/\",\"url\":\"https:\\\/\\\/frenchpleinairpainters.com\\\/wp-content\\\/uploads\\\/2019\\\/10\\\/AFCC_logo2008_BLANCJPG.jpg\",\"contentUrl\":\"https:\\\/\\\/frenchpleinairpainters.com\\\/wp-content\\\/uploads\\\/2019\\\/10\\\/AFCC_logo2008_BLANCJPG.jpg\",\"width\":654,\"height\":741,\"caption\":\"Association Festival Cultures Crois\u00e9es \u2013 AFCC\"},\"image\":{\"@id\":\"https:\\\/\\\/frenchpleinairpainters.com\\\/#\\\/schema\\\/logo\\\/image\\\/\"}},{\"@type\":\"Person\",\"@id\":\"https:\\\/\\\/frenchpleinairpainters.com\\\/#\\\/schema\\\/person\\\/5c3e2f02bd3928b08ef984cf5095e318\",\"name\":\"Anna Filimonova\",\"image\":{\"@type\":\"ImageObject\",\"inLanguage\":\"fr-FR\",\"@id\":\"https:\\\/\\\/secure.gravatar.com\\\/avatar\\\/3ba0952fbf94ad8cb32ad074892c73b72fa6853d5a58b67a016ebf869421d34a?s=96&d=mm&r=g\",\"url\":\"https:\\\/\\\/secure.gravatar.com\\\/avatar\\\/3ba0952fbf94ad8cb32ad074892c73b72fa6853d5a58b67a016ebf869421d34a?s=96&d=mm&r=g\",\"contentUrl\":\"https:\\\/\\\/secure.gravatar.com\\\/avatar\\\/3ba0952fbf94ad8cb32ad074892c73b72fa6853d5a58b67a016ebf869421d34a?s=96&d=mm&r=g\",\"caption\":\"Anna Filimonova\"},\"url\":\"https:\\\/\\\/frenchpleinairpainters.com\\\/index.php\\\/author\\\/anna\\\/\"}]}<\/script>\n<!-- \/ Yoast SEO plugin. -->","yoast_head_json":{"title":"Avis de concours de peinture en plein air en Espagne - French Plein Air Painters \u00a9","robots":{"index":"index","follow":"follow","max-snippet":"max-snippet:-1","max-image-preview":"max-image-preview:large","max-video-preview":"max-video-preview:-1"},"canonical":"https:\/\/frenchpleinairpainters.com\/index.php\/2026\/09\/05\/avis-de-concours-de-peinture-en-plein-air-en-espagne\/","og_locale":"fr_FR","og_type":"article","og_title":"Avis de concours de peinture en plein air en Espagne - French Plein Air Painters \u00a9","og_description":"Nous sommes heureux de vous annoncer le partenariat avecXX Concurso de Pintura R\u00e1pida \u201cRincones del Recinto Ferial\u201d de la Feria de Albacete, \u00e0 Albacete, en Espagne.\u00a0 C\u2019est un concours de\u00a0peinture (suite\u2026)","og_url":"https:\/\/frenchpleinairpainters.com\/index.php\/2026\/09\/05\/avis-de-concours-de-peinture-en-plein-air-en-espagne\/","og_site_name":"French Plein Air Painters \u00a9","article_published_time":"2026-09-05T21:30:46+00:00","article_modified_time":"2026-09-05T21:44:37+00:00","og_image":[{"width":1080,"height":1440,"url":"https:\/\/frenchpleinairpainters.com\/wp-content\/uploads\/2026\/09\/CARTEL-CONCURSO-PINTURA_IG-1.png","type":"image\/png"}],"author":"Anna Filimonova","twitter_card":"summary_large_image","twitter_misc":{"\u00c9crit par":"Anna Filimonova","Dur\u00e9e de lecture estim\u00e9e":"2 minutes"},"schema":{"@context":"https:\/\/schema.org","@graph":[{"@type":"Article","@id":"https:\/\/frenchpleinairpainters.com\/index.php\/2026\/09\/05\/avis-de-concours-de-peinture-en-plein-air-en-espagne\/#article","isPartOf":{"@id":"https:\/\/frenchpleinairpainters.com\/index.php\/2026\/09\/05\/avis-de-concours-de-peinture-en-plein-air-en-espagne\/"},"author":{"name":"Anna Filimonova","@id":"https:\/\/frenchpleinairpainters.com\/#\/schema\/person\/5c3e2f02bd3928b08ef984cf5095e318"},"headline":"Avis de concours de peinture en plein air en Espagne","datePublished":"2026-09-05T21:30:46+00:00","dateModified":"2026-09-05T21:44:37+00:00","mainEntityOfPage":{"@id":"https:\/\/frenchpleinairpainters.com\/index.php\/2026\/09\/05\/avis-de-concours-de-peinture-en-plein-air-en-espagne\/"},"wordCount":328,"publisher":{"@id":"https:\/\/frenchpleinairpainters.com\/#organization"},"image":{"@id":"https:\/\/frenchpleinairpainters.com\/index.php\/2026\/09\/05\/avis-de-concours-de-peinture-en-plein-air-en-espagne\/#primaryimage"},"thumbnailUrl":"https:\/\/frenchpleinairpainters.com\/wp-content\/uploads\/2026\/09\/CARTEL-CONCURSO-PINTURA_IG-1.png","keywords":["Concours International de peinture en plein air en Espagne"],"articleSection":["Accueil","Appel \u00e0 candidature","Ev\u00e9nements","Lieux de peinture","Partenaires"],"inLanguage":"fr-FR"},{"@type":"WebPage","@id":"https:\/\/frenchpleinairpainters.com\/index.php\/2026\/09\/05\/avis-de-concours-de-peinture-en-plein-air-en-espagne\/","url":"https:\/\/frenchpleinairpainters.com\/index.php\/2026\/09\/05\/avis-de-concours-de-peinture-en-plein-air-en-espagne\/","name":"Avis de concours de peinture en plein air en Espagne - French Plein Air Painters \u00a9","isPartOf":{"@id":"https:\/\/frenchpleinairpainters.com\/#website"},"primaryImageOfPage":{"@id":"https:\/\/frenchpleinairpainters.com\/index.php\/2026\/09\/05\/avis-de-concours-de-peinture-en-plein-air-en-espagne\/#primaryimage"},"image":{"@id":"https:\/\/frenchpleinairpainters.com\/index.php\/2026\/09\/05\/avis-de-concours-de-peinture-en-plein-air-en-espagne\/#primaryimage"},"thumbnailUrl":"https:\/\/frenchpleinairpainters.com\/wp-content\/uploads\/2026\/09\/CARTEL-CONCURSO-PINTURA_IG-1.png","datePublished":"2026-09-05T21:30:46+00:00","dateModified":"2026-09-05T21:44:37+00:00","breadcrumb":{"@id":"https:\/\/frenchpleinairpainters.com\/index.php\/2026\/09\/05\/avis-de-concours-de-peinture-en-plein-air-en-espagne\/#breadcrumb"},"inLanguage":"fr-FR","potentialAction":[{"@type":"ReadAction","target":["https:\/\/frenchpleinairpainters.com\/index.php\/2026\/09\/05\/avis-de-concours-de-peinture-en-plein-air-en-espagne\/"]}]},{"@type":"ImageObject","inLanguage":"fr-FR","@id":"https:\/\/frenchpleinairpainters.com\/index.php\/2026\/09\/05\/avis-de-concours-de-peinture-en-plein-air-en-espagne\/#primaryimage","url":"https:\/\/frenchpleinairpainters.com\/wp-content\/uploads\/2026\/09\/CARTEL-CONCURSO-PINTURA_IG-1.png","contentUrl":"https:\/\/frenchpleinairpainters.com\/wp-content\/uploads\/2026\/09\/CARTEL-CONCURSO-PINTURA_IG-1.png","width":1080,"height":1440},{"@type":"BreadcrumbList","@id":"https:\/\/frenchpleinairpainters.com\/index.php\/2026\/09\/05\/avis-de-concours-de-peinture-en-plein-air-en-espagne\/#breadcrumb","itemListElement":[{"@type":"ListItem","position":1,"name":"Accueil","item":"https:\/\/frenchpleinairpainters.com\/index.php\/en\/"},{"@type":"ListItem","position":2,"name":"Avis de concours de peinture en plein air en Espagne"}]},{"@type":"WebSite","@id":"https:\/\/frenchpleinairpainters.com\/#website","url":"https:\/\/frenchpleinairpainters.com\/","name":"French Plein Air Painters \u00a9","description":"En France nombreux artistes peignent en plein air d\u2019apr\u00e8s la tradition artistique qui remonte m\u00eame au del\u00e0 des Impressionnistes.","publisher":{"@id":"https:\/\/frenchpleinairpainters.com\/#organization"},"potentialAction":[{"@type":"SearchAction","target":{"@type":"EntryPoint","urlTemplate":"https:\/\/frenchpleinairpainters.com\/?s={search_term_string}"},"query-input":{"@type":"PropertyValueSpecification","valueRequired":true,"valueName":"search_term_string"}}],"inLanguage":"fr-FR"},{"@type":"Organization","@id":"https:\/\/frenchpleinairpainters.com\/#organization","name":"Association Festival Cultures Crois\u00e9es \u2013 AFCC","url":"https:\/\/frenchpleinairpainters.com\/","logo":{"@type":"ImageObject","inLanguage":"fr-FR","@id":"https:\/\/frenchpleinairpainters.com\/#\/schema\/logo\/image\/","url":"https:\/\/frenchpleinairpainters.com\/wp-content\/uploads\/2019\/10\/AFCC_logo2008_BLANCJPG.jpg","contentUrl":"https:\/\/frenchpleinairpainters.com\/wp-content\/uploads\/2019\/10\/AFCC_logo2008_BLANCJPG.jpg","width":654,"height":741,"caption":"Association Festival Cultures Crois\u00e9es \u2013 AFCC"},"image":{"@id":"https:\/\/frenchpleinairpainters.com\/#\/schema\/logo\/image\/"}},{"@type":"Person","@id":"https:\/\/frenchpleinairpainters.com\/#\/schema\/person\/5c3e2f02bd3928b08ef984cf5095e318","name":"Anna Filimonova","image":{"@type":"ImageObject","inLanguage":"fr-FR","@id":"https:\/\/secure.gravatar.com\/avatar\/3ba0952fbf94ad8cb32ad074892c73b72fa6853d5a58b67a016ebf869421d34a?s=96&d=mm&r=g","url":"https:\/\/secure.gravatar.com\/avatar\/3ba0952fbf94ad8cb32ad074892c73b72fa6853d5a58b67a016ebf869421d34a?s=96&d=mm&r=g","contentUrl":"https:\/\/secure.gravatar.com\/avatar\/3ba0952fbf94ad8cb32ad074892c73b72fa6853d5a58b67a016ebf869421d34a?s=96&d=mm&r=g","caption":"Anna Filimonova"},"url":"https:\/\/frenchpleinairpainters.com\/index.php\/author\/anna\/"}]}},"_links":{"self":[{"href":"https:\/\/frenchpleinairpainters.com\/index.php\/wp-json\/wp\/v2\/posts\/6584","targetHints":{"allow":["GET"]}}],"collection":[{"href":"https:\/\/frenchpleinairpainters.com\/index.php\/wp-json\/wp\/v2\/posts"}],"about":[{"href":"https:\/\/frenchpleinairpainters.com\/index.php\/wp-json\/wp\/v2\/types\/post"}],"author":[{"embeddable":true,"href":"https:\/\/frenchpleinairpainters.com\/index.php\/wp-json\/wp\/v2\/users\/7"}],"replies":[{"embeddable":true,"href":"https:\/\/frenchpleinairpainters.com\/index.php\/wp-json\/wp\/v2\/comments?post=6584"}],"version-history":[{"count":6,"href":"https:\/\/frenchpleinairpainters.com\/index.php\/wp-json\/wp\/v2\/posts\/6584\/revisions"}],"predecessor-version":[{"id":6591,"href":"https:\/\/frenchpleinairpainters.com\/index.php\/wp-json\/wp\/v2\/posts\/6584\/revisions\/6591"}],"wp:featuredmedia":[{"embeddable":true,"href":"https:\/\/frenchpleinairpainters.com\/index.php\/wp-json\/wp\/v2\/media\/6585"}],"wp:attachment":[{"href":"https:\/\/frenchpleinairpainters.com\/index.php\/wp-json\/wp\/v2\/media?parent=6584"}],"wp:term":[{"taxonomy":"category","embeddable":true,"href":"https:\/\/frenchpleinairpainters.com\/index.php\/wp-json\/wp\/v2\/categories?post=6584"},{"taxonomy":"post_tag","embeddable":true,"href":"https:\/\/frenchpleinairpainters.com\/index.php\/wp-json\/wp\/v2\/tags?post=6584"}],"curies":[{"name":"wp","href":"https:\/\/api.w.org\/{rel}","templated":true}]}}